{"id":1596,"date":"2023-08-02T13:17:15","date_gmt":"2023-08-02T11:17:15","guid":{"rendered":"https:\/\/nachoguzmantenor.com\/?p=1596"},"modified":"2025-07-05T04:33:59","modified_gmt":"2025-07-05T02:33:59","slug":"aria-de-la-flor","status":"publish","type":"post","link":"https:\/\/nachoguzmantenor.com\/index.php\/2023\/08\/02\/aria-de-la-flor\/","title":{"rendered":"Aria de la Flor"},"content":{"rendered":"\n<p>El tenor Argentino Nacho Guzm\u00e1n interpreta el aria de la flor de Don Jos\u00e9 de la Opera Carmen de Bizet.<br>Xavier Puig, director musical Orquestra de cambra \u00abTerrassa 48\u00bb<br>Jaume Villanueva, director de escena con la producci\u00f3n de Opera Popular de Barcelona.<br>Filmaci\u00f3n y edici\u00f3n: Biel_fpv y Anna Mart\u00ednez<br>Palau de la Musica Catalana Agosto de 2023 Barcelona<\/p>\n\n\n\n<figure class=\"wp-block-embed is-type-video is-provider-youtube wp-block-embed-youtube wp-embed-aspect-16-9 wp-has-aspect-ratio\"><div class=\"wp-block-embed__wrapper\">\n<iframe loading=\"lazy\" title=\"La fleur que tu m&#039;avais jet\u00e9e - Nacho Guzm\u00e0n Tenor\" width=\"1080\" height=\"608\" src=\"https:\/\/www.youtube.com\/embed\/7_q-7AEDqSs?feature=oembed\"  allow=\"accelerometer; autoplay; clipboard-write; encrypted-media; gyroscope; picture-in-picture; web-share\" referrerpolicy=\"strict-origin-when-cross-origin\" allowfullscreen><\/iframe>\n<\/div><\/figure>\n","protected":false},"excerpt":{"rendered":"<p>El tenor Argentino Nacho Guzm\u00e1n interpreta el aria de la flor de Don Jos\u00e9 de la Opera Carmen de Bizet.Xavier Puig, director musical Orquestra de cambra \u00abTerrassa 48\u00bbJaume Villanueva, director de escena con la producci\u00f3n de Opera Popular de Barcelona.Filmaci\u00f3n y edici\u00f3n: Biel_fpv y Anna Mart\u00ednezPalau de la Musica Catalana Agosto de 2023 Barcelona<\/p>\n","protected":false},"author":2,"featured_media":1597,"comment_status":"open","ping_status":"open","sticky":false,"template":"","format":"video","meta":{"_et_pb_use_builder":"off","_et_pb_old_content":"","_et_gb_content_width":"","footnotes":""},"categories":[10],"tags":[18,20,15,14,19,12,13,16,17],"class_list":["post-1596","post","type-post","status-publish","format-video","has-post-thumbnail","hentry","category-video","tag-aria-de-la-flor","tag-barcelona","tag-bizet","tag-carmen","tag-don-jose","tag-nacho-guzman","tag-opera","tag-palau-de-la-musica","tag-tenor","post_format-post-format-video"],"_links":{"self":[{"href":"https:\/\/nachoguzmantenor.com\/index.php\/wp-json\/wp\/v2\/posts\/1596","targetHints":{"allow":["GET"]}}],"collection":[{"href":"https:\/\/nachoguzmantenor.com\/index.php\/wp-json\/wp\/v2\/posts"}],"about":[{"href":"https:\/\/nachoguzmantenor.com\/index.php\/wp-json\/wp\/v2\/types\/post"}],"author":[{"embeddable":true,"href":"https:\/\/nachoguzmantenor.com\/index.php\/wp-json\/wp\/v2\/users\/2"}],"replies":[{"embeddable":true,"href":"https:\/\/nachoguzmantenor.com\/index.php\/wp-json\/wp\/v2\/comments?post=1596"}],"version-history":[{"count":1,"href":"https:\/\/nachoguzmantenor.com\/index.php\/wp-json\/wp\/v2\/posts\/1596\/revisions"}],"predecessor-version":[{"id":1598,"href":"https:\/\/nachoguzmantenor.com\/index.php\/wp-json\/wp\/v2\/posts\/1596\/revisions\/1598"}],"wp:featuredmedia":[{"embeddable":true,"href":"https:\/\/nachoguzmantenor.com\/index.php\/wp-json\/wp\/v2\/media\/1597"}],"wp:attachment":[{"href":"https:\/\/nachoguzmantenor.com\/index.php\/wp-json\/wp\/v2\/media?parent=1596"}],"wp:term":[{"taxonomy":"category","embeddable":true,"href":"https:\/\/nachoguzmantenor.com\/index.php\/wp-json\/wp\/v2\/categories?post=1596"},{"taxonomy":"post_tag","embeddable":true,"href":"https:\/\/nachoguzmantenor.com\/index.php\/wp-json\/wp\/v2\/tags?post=1596"}],"curies":[{"name":"wp","href":"https:\/\/api.w.org\/{rel}","templated":true}]}}